{"id":1489,"date":"2023-03-04T19:50:11","date_gmt":"2023-03-04T19:50:11","guid":{"rendered":"https:\/\/bokorhaz.hu\/?p=1489"},"modified":"2023-03-05T05:22:41","modified_gmt":"2023-03-05T05:22:41","slug":"szentes","status":"publish","type":"post","link":"https:\/\/bokorhaz.hu\/en\/szentes\/","title":{"rendered":"Szentes"},"content":{"rendered":"<div data-elementor-type=\"wp-post\" data-elementor-id=\"1489\" class=\"elementor elementor-1489\" data-elementor-post-type=\"post\">\n\t\t\t\t<div class=\"elementor-element elementor-element-7031f34 e-flex e-con-boxed e-con e-parent\" data-id=\"7031f34\" data-element_type=\"container\" data-e-type=\"container\">\n\t\t\t\t\t<div class=\"e-con-inner\">\n\t\t\t\t<div class=\"elementor-element elementor-element-372e069 elementor-widget elementor-widget-theme-post-title elementor-page-title elementor-widget-heading\" data-id=\"372e069\" data-element_type=\"widget\" data-e-type=\"widget\" data-widget_type=\"theme-post-title.default\">\n\t\t\t\t<div class=\"elementor-widget-container\">\n\t\t\t\t\t<h1 class=\"elementor-heading-title elementor-size-default\">Szentes<\/h1>\t\t\t\t<\/div>\n\t\t\t\t<\/div>\n\t\t\t\t\t<\/div>\n\t\t\t\t<\/div>\n\t\t<div class=\"elementor-element elementor-element-892787d e-flex e-con-boxed e-con e-parent\" data-id=\"892787d\" data-element_type=\"container\" data-e-type=\"container\">\n\t\t\t\t\t<div class=\"e-con-inner\">\n\t\t\t\t<div class=\"elementor-element elementor-element-9c82eb5 elementor-widget elementor-widget-text-editor\" data-id=\"9c82eb5\" data-element_type=\"widget\" data-e-type=\"widget\" data-widget_type=\"text-editor.default\">\n\t\t\t\t<div class=\"elementor-widget-container\">\n\t\t\t\t\t\t\t\t\t<p>Ma Szentesr\u0151l szeretn\u00e9k nektek \u00edrni\u2026. Err\u0151l a nyugodt Alf\u00f6ldi v\u00e1rosk\u00e1r\u00f3l, ami mindenhez k\u00f6zel fekszik a nagyv\u00e1ros ny\u00fczsg\u00e9se n\u00e9lk\u00fcl.<\/p><p>Sokan felteszik az al\u00e1bbi k\u00e9rd\u00e9seket:<\/p><ul><li>Mi\u00e9rt menn\u00e9k Szentesre, ha mehetek p\u00e9ld\u00e1ul a Balatonhoz is nyaralni?<\/li><li>Nincs hegyvid\u00e9k a k\u00f6zelben, mi\u00e9rt menn\u00e9k oda?<\/li><\/ul><p>Igazuk van! Szentesen nincs Balaton, Fert\u0151-t\u00f3, Velencei-t\u00f3, viszont van \u00e9lm\u00e9nyf\u00fcrd\u0151, Tiszai strand vagy 13 km-re az \u00fagynevezett \u201emagyar tengerpart\u201d \u2013 a K\u00f6r\u00f6s-torok.<\/p><p>Ha meguntad a Balaton ny\u00fczsg\u00e9s\u00e9t, az ottani \u00e1rakat nem b\u00edrod vagy nem akarod megfizetni, akkor itt az id\u0151, hogy orsz\u00e1gon bel\u00fcl m\u00e1s t\u00e1jakat is megismerj.<\/p><p>Ha Szentesre l\u00e1togatsz, akkor egyszerre kapod\u00a0 a kisv\u00e1rosok nyugodt hangulat\u00e1t, esetleg egy akt\u00edv pihen\u00e9ssel t\u00f6lthet\u0151 nyaral\u00e1st, az \u00e9ttermek v\u00e9gtelen sor\u00e1t, a k\u00f6rnyez\u0151 v\u00e1rosokban a l\u00e1tnival\u00f3k sokas\u00e1g\u00e1t.<\/p><p>Ak\u00e1r t\u00f6bb h\u00e9tre is elegend\u0151 l\u00e1tnival\u00f3t, programot tal\u00e1lhatsz Szentesen \u00e9s k\u00f6rny\u00e9k\u00e9n.<\/p><p>J\u00f6jj\u00f6n egy kis \u00edzel\u00edt\u0151:<\/p><p>Azok, akik szeretik a nyaral\u00e1st a kultur\u00e1lis programokkal vegy\u00edteni a teljess\u00e9g ig\u00e9nye n\u00e9lk\u00fcl az al\u00e1bbi m\u00fazeumokba l\u00e1togathatnak el Szentesen j\u00e1rva:<\/p><p>\u2013 Koszta J\u00f3zsef M\u00fazeum<\/p><p>\u2013 P\u00e9ter P\u00e1l Polg\u00e1rh\u00e1z<\/p><p>\u2013 Fridrich F\u00e9ny\u00edrda<\/p><p>\u2013 D\u00e9l-Alf\u00f6ldi Postat\u00f6rt\u00e9neti Eml\u00e9kszoba<\/p><p>\u2013 Vas\u00fatt\u00f6rt\u00e9neti Eml\u00e9khely<\/p><p>\u2013 T\u0171zolt\u00f3t\u00f6rt\u00e9neti Ki\u00e1ll\u00edt\u00e1s<\/p><p>\u2013 Zsinag\u00f3ga (V\u00e1rosi K\u00f6nyvt\u00e1r)<\/p><p>\u2013 Csall\u00e1ny G\u00e1bor Ki\u00e1ll\u00edt\u00f3hely<\/p><p>\u2013 Id. Szabics Ferenc fafarag\u00f3 eml\u00e9km\u00fazeuma<\/p><p>\u2013 K\u00e9(s)z csod\u00e1k n\u00e9prajzi mag\u00e1ngy\u0171jtem\u00e9ny<\/p><p>\u2013 M\u0171v\u00e9szetek H\u00e1za<\/p><p>Ha ink\u00e1bb akt\u00edvan t\u00f6lten\u00e9d az id\u0151d, akkor az al\u00e1bbi lehet\u0151s\u00e9geket n\u00e9zd meg:<\/p><ul><li>ki\u00e9p\u00edtett bicikli\u00fat<\/li><li>k\u00e9t fut\u00f3p\u00e1lya<\/li><li>\u00e9lm\u00e9nyf\u00fcrd\u0151<\/li><li>gy\u00f3gyf\u00fcrd\u0151<\/li><li>kajakoz\u00e1s<\/li><li>kenuz\u00e1s<\/li><li>lovagl\u00e1si lehet\u0151s\u00e9gek<\/li><li>fogatoz\u00e1s<\/li><li>j\u00f3ga<\/li><li>l\u0151t\u00e9r<\/li><li>t\u00far\u00e1z\u00e1si lehet\u0151s\u00e9gek<\/li><\/ul><p>Szereted a fesztiv\u00e1lokat? Akkor neked tal\u00e1lt\u00e1k ki Szentest! Majdnem minden h\u00f3napra jut egy fesztiv\u00e1l:<\/p><p>febru\u00e1r \u2013 T\u00e9lb\u00facs\u00faztat\u00f3 Karnev\u00e1l<\/p><p>m\u00e1rcius \u2013 K\u00e9zm\u0171ves Izek Fesztiv\u00e1lja<\/p><p>\u00e1prilis \u2013 N\u00e9pzenei Sokadalom<\/p><p>m\u00e1jus \u2013 Maj\u00e1lis<\/p><p>j\u00falius \u2013 Gasztro \u2013 \u00e9s Palacsinta Fesztiv\u00e1l (Derekegyh\u00e1za \u2013 15 km-re Szentest\u0151l)<\/p><p>j\u00falius\/augusztus \u2013 Ny\u00e1ri Szabadt\u00e9ri Sz\u00ednh\u00e1z<\/p><p>augusztus \u2013 Sz\u00e1rnyas Napok<\/p><p>szeptember \u2013 Lecs\u00f3fesztiv\u00e1l<\/p><p>okt\u00f3ber \u2013 T\u00e9rfesztiv\u00e1l (Bor-\u00e9s p\u00e1linka \u00fcnnepe)<\/p><p>\u00c9rdemes ak\u00e1r csak p\u00e1r napra is ell\u00e1togatni hozz\u00e1nk!<\/p><p>De ha szeretn\u00e9d a k\u00f6rny\u00e9ket felfedezni, 50km-es k\u00f6rzetben sz\u00e1mos l\u00e1tnival\u00f3t tal\u00e1lsz, ak\u00e1r f\u00e9lnapos, ak\u00e1r eg\u00e9sz napos kir\u00e1ndul\u00e1st is tervezhetsz.<\/p><p>Csongr\u00e1d:<\/p><p>\u2013 K\u00f6r\u00f6s-torok<\/p><p>\u2013 Skanzen<\/p><p>\u00d3pusztaszer:<\/p><ul><li>Feszty k\u00f6rk\u00e9p<\/li><li>Csillaglabirintus<\/li><li>Skanzen<\/li><\/ul><p>Szarvas:<\/p><ul><li>Arbor\u00e9tum<\/li><li>Mini Magyarorsz\u00e1g<\/li><li>V\u00edzisz\u00ednh\u00e1z<\/li><li>Holt-K\u00f6r\u00f6s (strandol\u00e1si lehet\u0151s\u00e9g)<\/li><\/ul><p>M\u00e1rt\u00e9ly:<\/p><ul><li>Tan\u00f6sv\u00e9ny<\/li><li>L\u00e1togat\u00f3k\u00f6zpont<\/li><li>Tiszai strand<\/li><\/ul><p>Szeged:<\/p><ul><li>\u00c1llatkert<\/li><li>Napf\u00e9nyf\u00fcrd\u0151<\/li><\/ul><h4 style=\"text-align: center;\"><strong>Rem\u00e9lem felkeltettem az \u00e9rdekl\u0151d\u00e9sedet!<\/strong><\/h4><h5 style=\"text-align: center;\">N\u00e9zd meg sz\u00e1ll\u00e1saj\u00e1nlatainkat! Foglald le min\u00e9l hamarabb a sz\u00e1modra legmegfelel\u0151bbet!\u00a0<\/h5>\t\t\t\t\t\t\t\t<\/div>\n\t\t\t\t<\/div>\n\t\t\t\t\t<\/div>\n\t\t\t\t<\/div>\n\t\t\t\t<\/div>","protected":false},"excerpt":{"rendered":"<p>Ma Szentesr\u0151l szeretn\u00e9k nektek \u00edrni\u2026. Err\u0151l a nyugodt Alf\u00f6ldi v\u00e1rosk\u00e1r\u00f3l, ami mindenhez k\u00f6zel fekszik a nagyv\u00e1ros ny\u00fczsg\u00e9se n\u00e9lk\u00fcl. Sokan felteszik az al\u00e1bbi k\u00e9rd\u00e9seket: Mi\u00e9rt menn\u00e9k Szentesre, ha mehetek p\u00e9ld\u00e1ul a Balatonhoz is nyaralni? Nincs hegyvid\u00e9k a k\u00f6zelben, mi\u00e9rt menn\u00e9k oda? Igazuk van! Szentesen nincs Balaton, Fert\u0151-t\u00f3, Velencei-t\u00f3, viszont van \u00e9lm\u00e9nyf\u00fcrd\u0151, Tiszai strand vagy 13 km-re &#8230; <a title=\"Szentes\" class=\"read-more\" href=\"https:\/\/bokorhaz.hu\/en\/szentes\/\" aria-label=\"Read more about Szentes\">Read more<\/a><\/p>","protected":false},"author":1,"featured_media":1365,"comment_status":"closed","ping_status":"closed","sticky":false,"template":"","format":"standard","meta":{"_seopress_robots_primary_cat":"none","_seopress_titles_title":"","_seopress_titles_desc":"","_seopress_robots_index":"","footnotes":""},"categories":[1],"tags":[23,25,20,21],"class_list":["post-1489","post","type-post","status-publish","format-standard","has-post-thumbnail","hentry","category-ismertetok-szentes-kornyekerol","tag-latnivalok","tag-programok","tag-szentes","tag-turizmus"],"_links":{"self":[{"href":"https:\/\/bokorhaz.hu\/en\/wp-json\/wp\/v2\/posts\/1489","targetHints":{"allow":["GET"]}}],"collection":[{"href":"https:\/\/bokorhaz.hu\/en\/wp-json\/wp\/v2\/posts"}],"about":[{"href":"https:\/\/bokorhaz.hu\/en\/wp-json\/wp\/v2\/types\/post"}],"author":[{"embeddable":true,"href":"https:\/\/bokorhaz.hu\/en\/wp-json\/wp\/v2\/users\/1"}],"replies":[{"embeddable":true,"href":"https:\/\/bokorhaz.hu\/en\/wp-json\/wp\/v2\/comments?post=1489"}],"version-history":[{"count":5,"href":"https:\/\/bokorhaz.hu\/en\/wp-json\/wp\/v2\/posts\/1489\/revisions"}],"predecessor-version":[{"id":1498,"href":"https:\/\/bokorhaz.hu\/en\/wp-json\/wp\/v2\/posts\/1489\/revisions\/1498"}],"wp:featuredmedia":[{"embeddable":true,"href":"https:\/\/bokorhaz.hu\/en\/wp-json\/wp\/v2\/media\/1365"}],"wp:attachment":[{"href":"https:\/\/bokorhaz.hu\/en\/wp-json\/wp\/v2\/media?parent=1489"}],"wp:term":[{"taxonomy":"category","embeddable":true,"href":"https:\/\/bokorhaz.hu\/en\/wp-json\/wp\/v2\/categories?post=1489"},{"taxonomy":"post_tag","embeddable":true,"href":"https:\/\/bokorhaz.hu\/en\/wp-json\/wp\/v2\/tags?post=1489"}],"curies":[{"name":"wp","href":"https:\/\/api.w.org\/{rel}","templated":true}]}}